{"id":7933,"date":"2025-10-03T11:03:13","date_gmt":"2025-10-03T09:03:13","guid":{"rendered":"https:\/\/www.mines-asphalte.ch\/?p=7933"},"modified":"2025-10-20T16:29:10","modified_gmt":"2025-10-20T14:29:10","slug":"kulturtag","status":"publish","type":"post","link":"https:\/\/www.mines-asphalte.ch\/de\/kulturtag\/","title":{"rendered":"Tage der offenen T\u00fcr der Kultur im Val-de-Travers"},"content":{"rendered":"<p>Die Tage der offenen T\u00fcr der Kultur finden am 1. und 2. November 2024 statt. Entdecken Sie das Programm der Asphaltminen. Cette ann\u00e9e, c&#8217;est une v\u00e9ritable plong\u00e9e dans l&#8217;univers des Mines d&#8217;asphalte qui vous attend. D\u00e9couvrez le programme in\u00e9dit du wee <a href=\"https:\/\/www.mines-asphalte.ch\/de\/kulturtag\/\" title=\"Read more on Tage der offenen T\u00fcr der Kultur im Val-de-Travers\" class=\"more-link\">mehr<\/a><\/p>\n","protected":false},"excerpt":{"rendered":"<p>Die Tage der offenen T\u00fcr der Kultur finden am 1. und 2. November 2024 statt. Entdecken Sie das Programm der Asphaltminen. Cette ann\u00e9e, c&#8217;est une v\u00e9ritable plong\u00e9e dans l&#8217;univers des Mines d&#8217;asphalte qui vous attend. D\u00e9couvrez le programme in\u00e9dit du wee mehr<\/p>\n","protected":false},"author":1,"featured_media":5358,"comment_status":"closed","ping_status":"closed","sticky":false,"template":"","format":"standard","meta":{"mc4wp_mailchimp_campaign":[]},"categories":[153,188,129],"tags":[],"yoast_head":"<!-- This site is optimized with the Yoast SEO plugin v15.9.2 - https:\/\/yoast.com\/wordpress\/plugins\/seo\/ -->\n<title>Tage der offenen T\u00fcr der Kultur im Val-de-Travers - Mines d&#039;asphalte | Val-de-Travers<\/title>\n<meta name=\"description\" content=\"Die Tage der offenen T\u00fcr der Kultur finden am 1. und 2. November statt. Entdecken Sie die Asphaltminen bei einem besonderen Besuch!\" \/>\n<meta name=\"robots\" content=\"index, follow, max-snippet:-1, max-image-preview:large, max-video-preview:-1\" \/>\n<link rel=\"canonical\" href=\"https:\/\/www.mines-asphalte.ch\/de\/kulturtag\/\" \/>\n<meta property=\"og:locale\" content=\"de_DE\" \/>\n<meta property=\"og:type\" content=\"article\" \/>\n<meta property=\"og:title\" content=\"Tage der offenen T\u00fcr der Kultur im Val-de-Travers - Mines d&#039;asphalte | Val-de-Travers\" \/>\n<meta property=\"og:description\" content=\"Die Tage der offenen T\u00fcr der Kultur finden am 1. und 2. November statt. Entdecken Sie die Asphaltminen bei einem besonderen Besuch!\" \/>\n<meta property=\"og:url\" content=\"https:\/\/www.mines-asphalte.ch\/de\/kulturtag\/\" \/>\n<meta property=\"og:site_name\" content=\"Mines d&#039;asphalte | Val-de-Travers\" \/>\n<meta property=\"article:publisher\" content=\"https:\/\/www.facebook.com\/minesdasphalte\/\" \/>\n<meta property=\"article:published_time\" content=\"2025-10-03T09:03:13+00:00\" \/>\n<meta property=\"article:modified_time\" content=\"2025-10-20T14:29:10+00:00\" \/>\n<meta property=\"og:image\" content=\"https:\/\/www.mines-asphalte.ch\/wp-content\/uploads\/2019\/10\/170928_MIN_copyr_SpotMagazine_lr017.jpg\" \/>\n\t<meta property=\"og:image:width\" content=\"1499\" \/>\n\t<meta property=\"og:image:height\" content=\"844\" \/>\n<meta name=\"twitter:card\" content=\"summary_large_image\" \/>\n<meta name=\"twitter:label1\" content=\"Gesch\u00e4tzte Lesezeit\">\n\t<meta name=\"twitter:data1\" content=\"1\u00a0Minute\">\n<script type=\"application\/ld+json\" class=\"yoast-schema-graph\">{\"@context\":\"https:\/\/schema.org\",\"@graph\":[{\"@type\":\"Organization\",\"@id\":\"https:\/\/www.mines-asphalte.ch\/de\/#organization\",\"name\":\"Mines d'asphalte\",\"url\":\"https:\/\/www.mines-asphalte.ch\/de\/\",\"sameAs\":[\"https:\/\/www.facebook.com\/minesdasphalte\/\",\"https:\/\/www.instagram.com\/minesdasphalte\/\",\"https:\/\/www.youtube.com\/channel\/UCNGCZAPNcog8kEQ4mUAPYkw\"],\"logo\":{\"@type\":\"ImageObject\",\"@id\":\"https:\/\/www.mines-asphalte.ch\/de\/#logo\",\"inLanguage\":\"de\",\"url\":\"https:\/\/www.mines-asphalte.ch\/wp-content\/uploads\/2019\/10\/MIN_logo_19_F_brun.png\",\"width\":1548,\"height\":323,\"caption\":\"Mines d'asphalte\"},\"image\":{\"@id\":\"https:\/\/www.mines-asphalte.ch\/de\/#logo\"}},{\"@type\":\"WebSite\",\"@id\":\"https:\/\/www.mines-asphalte.ch\/de\/#website\",\"url\":\"https:\/\/www.mines-asphalte.ch\/de\/\",\"name\":\"Mines d'asphalte | Val-de-Travers\",\"description\":\"\",\"publisher\":{\"@id\":\"https:\/\/www.mines-asphalte.ch\/de\/#organization\"},\"potentialAction\":[{\"@type\":\"SearchAction\",\"target\":\"https:\/\/www.mines-asphalte.ch\/de\/?s={search_term_string}\",\"query-input\":\"required name=search_term_string\"}],\"inLanguage\":\"de\"},{\"@type\":\"ImageObject\",\"@id\":\"https:\/\/www.mines-asphalte.ch\/de\/kulturtag\/#primaryimage\",\"inLanguage\":\"de\",\"url\":\"https:\/\/www.mines-asphalte.ch\/wp-content\/uploads\/2019\/10\/170928_MIN_copyr_SpotMagazine_lr017.jpg\",\"width\":1499,\"height\":844,\"caption\":\"Visite gourmande dans les mines\"},{\"@type\":\"WebPage\",\"@id\":\"https:\/\/www.mines-asphalte.ch\/de\/kulturtag\/#webpage\",\"url\":\"https:\/\/www.mines-asphalte.ch\/de\/kulturtag\/\",\"name\":\"Tage der offenen T\\u00fcr der Kultur im Val-de-Travers - Mines d&#039;asphalte | Val-de-Travers\",\"isPartOf\":{\"@id\":\"https:\/\/www.mines-asphalte.ch\/de\/#website\"},\"primaryImageOfPage\":{\"@id\":\"https:\/\/www.mines-asphalte.ch\/de\/kulturtag\/#primaryimage\"},\"datePublished\":\"2025-10-03T09:03:13+00:00\",\"dateModified\":\"2025-10-20T14:29:10+00:00\",\"description\":\"Die Tage der offenen T\\u00fcr der Kultur finden am 1. und 2. November statt. Entdecken Sie die Asphaltminen bei einem besonderen Besuch!\",\"breadcrumb\":{\"@id\":\"https:\/\/www.mines-asphalte.ch\/de\/kulturtag\/#breadcrumb\"},\"inLanguage\":\"de\",\"potentialAction\":[{\"@type\":\"ReadAction\",\"target\":[\"https:\/\/www.mines-asphalte.ch\/de\/kulturtag\/\"]}]},{\"@type\":\"BreadcrumbList\",\"@id\":\"https:\/\/www.mines-asphalte.ch\/de\/kulturtag\/#breadcrumb\",\"itemListElement\":[{\"@type\":\"ListItem\",\"position\":1,\"item\":{\"@type\":\"WebPage\",\"@id\":\"https:\/\/www.mines-asphalte.ch\/de\/\",\"url\":\"https:\/\/www.mines-asphalte.ch\/de\/\",\"name\":\"Accueil\"}},{\"@type\":\"ListItem\",\"position\":2,\"item\":{\"@type\":\"WebPage\",\"@id\":\"https:\/\/www.mines-asphalte.ch\/de\/kulturtag\/\",\"url\":\"https:\/\/www.mines-asphalte.ch\/de\/kulturtag\/\",\"name\":\"Tage der offenen T\\u00fcr der Kultur im Val-de-Travers\"}}]},{\"@type\":\"Article\",\"@id\":\"https:\/\/www.mines-asphalte.ch\/de\/kulturtag\/#article\",\"isPartOf\":{\"@id\":\"https:\/\/www.mines-asphalte.ch\/de\/kulturtag\/#webpage\"},\"author\":{\"@id\":\"https:\/\/www.mines-asphalte.ch\/de\/#\/schema\/person\/915d079dd688ae0be40c2b5617329ba2\"},\"headline\":\"Tage der offenen T\\u00fcr der Kultur im Val-de-Travers\",\"datePublished\":\"2025-10-03T09:03:13+00:00\",\"dateModified\":\"2025-10-20T14:29:10+00:00\",\"mainEntityOfPage\":{\"@id\":\"https:\/\/www.mines-asphalte.ch\/de\/kulturtag\/#webpage\"},\"publisher\":{\"@id\":\"https:\/\/www.mines-asphalte.ch\/de\/#organization\"},\"image\":{\"@id\":\"https:\/\/www.mines-asphalte.ch\/de\/kulturtag\/#primaryimage\"},\"articleSection\":\"Events,F\\u00fchrung durch die Asphaltminen,News\",\"inLanguage\":\"de\"},{\"@type\":\"Person\",\"@id\":\"https:\/\/www.mines-asphalte.ch\/de\/#\/schema\/person\/915d079dd688ae0be40c2b5617329ba2\",\"name\":\"adminMINES\",\"image\":{\"@type\":\"ImageObject\",\"@id\":\"https:\/\/www.mines-asphalte.ch\/de\/#personlogo\",\"inLanguage\":\"de\",\"url\":\"https:\/\/secure.gravatar.com\/avatar\/21522ab5eb10ea930f78a6dc014f0d12?s=96&d=mm&r=g\",\"caption\":\"adminMINES\"}}]}<\/script>\n<!-- \/ Yoast SEO plugin. -->","_links":{"self":[{"href":"https:\/\/www.mines-asphalte.ch\/de\/wp-json\/wp\/v2\/posts\/7933"}],"collection":[{"href":"https:\/\/www.mines-asphalte.ch\/de\/wp-json\/wp\/v2\/posts"}],"about":[{"href":"https:\/\/www.mines-asphalte.ch\/de\/wp-json\/wp\/v2\/types\/post"}],"author":[{"embeddable":true,"href":"https:\/\/www.mines-asphalte.ch\/de\/wp-json\/wp\/v2\/users\/1"}],"replies":[{"embeddable":true,"href":"https:\/\/www.mines-asphalte.ch\/de\/wp-json\/wp\/v2\/comments?post=7933"}],"version-history":[{"count":9,"href":"https:\/\/www.mines-asphalte.ch\/de\/wp-json\/wp\/v2\/posts\/7933\/revisions"}],"predecessor-version":[{"id":12005,"href":"https:\/\/www.mines-asphalte.ch\/de\/wp-json\/wp\/v2\/posts\/7933\/revisions\/12005"}],"wp:featuredmedia":[{"embeddable":true,"href":"https:\/\/www.mines-asphalte.ch\/de\/wp-json\/wp\/v2\/media\/5358"}],"wp:attachment":[{"href":"https:\/\/www.mines-asphalte.ch\/de\/wp-json\/wp\/v2\/media?parent=7933"}],"wp:term":[{"taxonomy":"category","embeddable":true,"href":"https:\/\/www.mines-asphalte.ch\/de\/wp-json\/wp\/v2\/categories?post=7933"},{"taxonomy":"post_tag","embeddable":true,"href":"https:\/\/www.mines-asphalte.ch\/de\/wp-json\/wp\/v2\/tags?post=7933"}],"curies":[{"name":"wp","href":"https:\/\/api.w.org\/{rel}","templated":true}]}}