{"id":4920,"date":"2025-10-09T10:16:20","date_gmt":"2025-10-09T08:16:20","guid":{"rendered":"https:\/\/www.mines-asphalte.ch\/?p=4920"},"modified":"2026-01-16T10:59:35","modified_gmt":"2026-01-16T09:59:35","slug":"nacht-essen-im-cafe-des-mines","status":"publish","type":"post","link":"https:\/\/www.mines-asphalte.ch\/de\/nacht-essen-im-cafe-des-mines\/","title":{"rendered":"Nacht-Essen"},"content":{"rendered":"<p>Im Winter, tauchen Sie in die Welt der Blinden ein und machen Sie ein Nacht-Essen im Caf\u00e9 des Mines! Kommen Sie zum Nacht-Essen im Caf\u00e9 des Mines und treten Sie f\u00fcr die Zeit eines Abendessens in die Welt der Blinden ein! Sie machen in Begleitung von Natacha de Montmolli <a href=\"https:\/\/www.mines-asphalte.ch\/de\/nacht-essen-im-cafe-des-mines\/\" title=\"Read more on Nacht-Essen\" class=\"more-link\">mehr<\/a><\/p>\n","protected":false},"excerpt":{"rendered":"<p>Im Winter, tauchen Sie in die Welt der Blinden ein und machen Sie ein Nacht-Essen im Caf\u00e9 des Mines!<\/p>\n","protected":false},"author":1,"featured_media":6439,"comment_status":"closed","ping_status":"closed","sticky":false,"template":"","format":"standard","meta":{"mc4wp_mailchimp_campaign":[]},"categories":[189,153,129],"tags":[],"yoast_head":"<!-- This site is optimized with the Yoast SEO plugin v15.9.2 - https:\/\/yoast.com\/wordpress\/plugins\/seo\/ -->\n<title>Nacht-Essen - Mines d&#039;asphalte | Val-de-Travers<\/title>\n<meta name=\"description\" content=\"Kommen Sie zum Nacht-Essen im Caf\u00e9 des Mines und treten Sie f\u00fcr die Zeit eines Abendessens in die Welt der Blinden ein! Lassen sie sich \u00fcberaschen!\" \/>\n<meta name=\"robots\" content=\"index, follow, max-snippet:-1, max-image-preview:large, max-video-preview:-1\" \/>\n<link rel=\"canonical\" href=\"https:\/\/www.mines-asphalte.ch\/de\/nacht-essen-im-cafe-des-mines\/\" \/>\n<meta property=\"og:locale\" content=\"de_DE\" \/>\n<meta property=\"og:type\" content=\"article\" \/>\n<meta property=\"og:title\" content=\"Nacht-Essen - Mines d&#039;asphalte | Val-de-Travers\" \/>\n<meta property=\"og:description\" content=\"Kommen Sie zum Nacht-Essen im Caf\u00e9 des Mines und treten Sie f\u00fcr die Zeit eines Abendessens in die Welt der Blinden ein! Lassen sie sich \u00fcberaschen!\" \/>\n<meta property=\"og:url\" content=\"https:\/\/www.mines-asphalte.ch\/de\/nacht-essen-im-cafe-des-mines\/\" \/>\n<meta property=\"og:site_name\" content=\"Mines d&#039;asphalte | Val-de-Travers\" \/>\n<meta property=\"article:publisher\" content=\"https:\/\/www.facebook.com\/minesdasphalte\/\" \/>\n<meta property=\"article:published_time\" content=\"2025-10-09T08:16:20+00:00\" \/>\n<meta property=\"article:modified_time\" content=\"2026-01-16T09:59:35+00:00\" \/>\n<meta property=\"og:image\" content=\"https:\/\/www.mines-asphalte.ch\/wp-content\/uploads\/2020\/05\/Natacha_Paysage-e1733929794103.jpg\" \/>\n\t<meta property=\"og:image:width\" content=\"1500\" \/>\n\t<meta property=\"og:image:height\" content=\"844\" \/>\n<meta name=\"twitter:card\" content=\"summary_large_image\" \/>\n<meta name=\"twitter:label1\" content=\"Gesch\u00e4tzte Lesezeit\">\n\t<meta name=\"twitter:data1\" content=\"2\u00a0Minuten\">\n<script type=\"application\/ld+json\" class=\"yoast-schema-graph\">{\"@context\":\"https:\/\/schema.org\",\"@graph\":[{\"@type\":\"Organization\",\"@id\":\"https:\/\/www.mines-asphalte.ch\/de\/#organization\",\"name\":\"Mines d'asphalte\",\"url\":\"https:\/\/www.mines-asphalte.ch\/de\/\",\"sameAs\":[\"https:\/\/www.facebook.com\/minesdasphalte\/\",\"https:\/\/www.instagram.com\/minesdasphalte\/\",\"https:\/\/www.youtube.com\/channel\/UCNGCZAPNcog8kEQ4mUAPYkw\"],\"logo\":{\"@type\":\"ImageObject\",\"@id\":\"https:\/\/www.mines-asphalte.ch\/de\/#logo\",\"inLanguage\":\"de\",\"url\":\"https:\/\/www.mines-asphalte.ch\/wp-content\/uploads\/2019\/10\/MIN_logo_19_F_brun.png\",\"width\":1548,\"height\":323,\"caption\":\"Mines d'asphalte\"},\"image\":{\"@id\":\"https:\/\/www.mines-asphalte.ch\/de\/#logo\"}},{\"@type\":\"WebSite\",\"@id\":\"https:\/\/www.mines-asphalte.ch\/de\/#website\",\"url\":\"https:\/\/www.mines-asphalte.ch\/de\/\",\"name\":\"Mines d'asphalte | Val-de-Travers\",\"description\":\"\",\"publisher\":{\"@id\":\"https:\/\/www.mines-asphalte.ch\/de\/#organization\"},\"potentialAction\":[{\"@type\":\"SearchAction\",\"target\":\"https:\/\/www.mines-asphalte.ch\/de\/?s={search_term_string}\",\"query-input\":\"required name=search_term_string\"}],\"inLanguage\":\"de\"},{\"@type\":\"ImageObject\",\"@id\":\"https:\/\/www.mines-asphalte.ch\/de\/nacht-essen-im-cafe-des-mines\/#primaryimage\",\"inLanguage\":\"de\",\"url\":\"https:\/\/www.mines-asphalte.ch\/wp-content\/uploads\/2020\/05\/Natacha_Paysage-e1733929794103.jpg\",\"width\":1500,\"height\":844,\"caption\":\"Entrez dans le monde des aveugles le temps d'un souper dans le noir aux mines d'asphalte avec Natacha de Montmollin. Travers, le 9 novembre 2019 Photo: Lucas Vuitel\"},{\"@type\":\"WebPage\",\"@id\":\"https:\/\/www.mines-asphalte.ch\/de\/nacht-essen-im-cafe-des-mines\/#webpage\",\"url\":\"https:\/\/www.mines-asphalte.ch\/de\/nacht-essen-im-cafe-des-mines\/\",\"name\":\"Nacht-Essen - Mines d&#039;asphalte | Val-de-Travers\",\"isPartOf\":{\"@id\":\"https:\/\/www.mines-asphalte.ch\/de\/#website\"},\"primaryImageOfPage\":{\"@id\":\"https:\/\/www.mines-asphalte.ch\/de\/nacht-essen-im-cafe-des-mines\/#primaryimage\"},\"datePublished\":\"2025-10-09T08:16:20+00:00\",\"dateModified\":\"2026-01-16T09:59:35+00:00\",\"description\":\"Kommen Sie zum Nacht-Essen im Caf\\u00e9 des Mines und treten Sie f\\u00fcr die Zeit eines Abendessens in die Welt der Blinden ein! Lassen sie sich \\u00fcberaschen!\",\"breadcrumb\":{\"@id\":\"https:\/\/www.mines-asphalte.ch\/de\/nacht-essen-im-cafe-des-mines\/#breadcrumb\"},\"inLanguage\":\"de\",\"potentialAction\":[{\"@type\":\"ReadAction\",\"target\":[\"https:\/\/www.mines-asphalte.ch\/de\/nacht-essen-im-cafe-des-mines\/\"]}]},{\"@type\":\"BreadcrumbList\",\"@id\":\"https:\/\/www.mines-asphalte.ch\/de\/nacht-essen-im-cafe-des-mines\/#breadcrumb\",\"itemListElement\":[{\"@type\":\"ListItem\",\"position\":1,\"item\":{\"@type\":\"WebPage\",\"@id\":\"https:\/\/www.mines-asphalte.ch\/de\/\",\"url\":\"https:\/\/www.mines-asphalte.ch\/de\/\",\"name\":\"Accueil\"}},{\"@type\":\"ListItem\",\"position\":2,\"item\":{\"@type\":\"WebPage\",\"@id\":\"https:\/\/www.mines-asphalte.ch\/de\/nacht-essen-im-cafe-des-mines\/\",\"url\":\"https:\/\/www.mines-asphalte.ch\/de\/nacht-essen-im-cafe-des-mines\/\",\"name\":\"Nacht-Essen\"}}]},{\"@type\":\"Article\",\"@id\":\"https:\/\/www.mines-asphalte.ch\/de\/nacht-essen-im-cafe-des-mines\/#article\",\"isPartOf\":{\"@id\":\"https:\/\/www.mines-asphalte.ch\/de\/nacht-essen-im-cafe-des-mines\/#webpage\"},\"author\":{\"@id\":\"https:\/\/www.mines-asphalte.ch\/de\/#\/schema\/person\/915d079dd688ae0be40c2b5617329ba2\"},\"headline\":\"Nacht-Essen\",\"datePublished\":\"2025-10-09T08:16:20+00:00\",\"dateModified\":\"2026-01-16T09:59:35+00:00\",\"mainEntityOfPage\":{\"@id\":\"https:\/\/www.mines-asphalte.ch\/de\/nacht-essen-im-cafe-des-mines\/#webpage\"},\"publisher\":{\"@id\":\"https:\/\/www.mines-asphalte.ch\/de\/#organization\"},\"image\":{\"@id\":\"https:\/\/www.mines-asphalte.ch\/de\/nacht-essen-im-cafe-des-mines\/#primaryimage\"},\"articleSection\":\"Caf\\u00e9 des Mines,Events,News\",\"inLanguage\":\"de\"},{\"@type\":\"Person\",\"@id\":\"https:\/\/www.mines-asphalte.ch\/de\/#\/schema\/person\/915d079dd688ae0be40c2b5617329ba2\",\"name\":\"adminMINES\",\"image\":{\"@type\":\"ImageObject\",\"@id\":\"https:\/\/www.mines-asphalte.ch\/de\/#personlogo\",\"inLanguage\":\"de\",\"url\":\"https:\/\/secure.gravatar.com\/avatar\/21522ab5eb10ea930f78a6dc014f0d12?s=96&d=mm&r=g\",\"caption\":\"adminMINES\"}}]}<\/script>\n<!-- \/ Yoast SEO plugin. -->","_links":{"self":[{"href":"https:\/\/www.mines-asphalte.ch\/de\/wp-json\/wp\/v2\/posts\/4920"}],"collection":[{"href":"https:\/\/www.mines-asphalte.ch\/de\/wp-json\/wp\/v2\/posts"}],"about":[{"href":"https:\/\/www.mines-asphalte.ch\/de\/wp-json\/wp\/v2\/types\/post"}],"author":[{"embeddable":true,"href":"https:\/\/www.mines-asphalte.ch\/de\/wp-json\/wp\/v2\/users\/1"}],"replies":[{"embeddable":true,"href":"https:\/\/www.mines-asphalte.ch\/de\/wp-json\/wp\/v2\/comments?post=4920"}],"version-history":[{"count":31,"href":"https:\/\/www.mines-asphalte.ch\/de\/wp-json\/wp\/v2\/posts\/4920\/revisions"}],"predecessor-version":[{"id":12096,"href":"https:\/\/www.mines-asphalte.ch\/de\/wp-json\/wp\/v2\/posts\/4920\/revisions\/12096"}],"wp:featuredmedia":[{"embeddable":true,"href":"https:\/\/www.mines-asphalte.ch\/de\/wp-json\/wp\/v2\/media\/6439"}],"wp:attachment":[{"href":"https:\/\/www.mines-asphalte.ch\/de\/wp-json\/wp\/v2\/media?parent=4920"}],"wp:term":[{"taxonomy":"category","embeddable":true,"href":"https:\/\/www.mines-asphalte.ch\/de\/wp-json\/wp\/v2\/categories?post=4920"},{"taxonomy":"post_tag","embeddable":true,"href":"https:\/\/www.mines-asphalte.ch\/de\/wp-json\/wp\/v2\/tags?post=4920"}],"curies":[{"name":"wp","href":"https:\/\/api.w.org\/{rel}","templated":true}]}}