{"id":11090,"date":"2025-10-08T10:31:37","date_gmt":"2025-10-08T08:31:37","guid":{"rendered":"https:\/\/www.mines-asphalte.ch\/?p=11090"},"modified":"2025-11-07T14:19:18","modified_gmt":"2025-11-07T13:19:18","slug":"winterzeitplan","status":"publish","type":"post","link":"https:\/\/www.mines-asphalte.ch\/de\/winterzeitplan\/","title":{"rendered":"Unser Winterzeitplan"},"content":{"rendered":"<p>Vom 1. November bis zum 31. Dezember empfangen wir Sie von Donnerstag bis Sonntag, jeweils ab 11:30 Uhr. Von Januar bis M\u00e4rz haben wir von Freitag bis Sonntag ab 11:30 Uhr ge\u00f6ffnet. Vom 1. November bis zum 31. Dezember empfangen wir Sie von Donnerstag bis Sonntag, jewei <a href=\"https:\/\/www.mines-asphalte.ch\/de\/winterzeitplan\/\" title=\"Read more on Unser Winterzeitplan\" class=\"more-link\">mehr<\/a><\/p>\n","protected":false},"excerpt":{"rendered":"<p>Vom 1. November bis zum 31. Dezember empfangen wir Sie von Donnerstag bis Sonntag, jeweils ab 11:30 Uhr. Von Januar bis M\u00e4rz haben wir von Freitag bis Sonntag ab 11:30 Uhr ge\u00f6ffnet.<\/p>\n","protected":false},"author":4,"featured_media":11093,"comment_status":"closed","ping_status":"closed","sticky":false,"template":"","format":"standard","meta":{"mc4wp_mailchimp_campaign":[]},"categories":[189,188,129,149,193],"tags":[],"yoast_head":"<!-- This site is optimized with the Yoast SEO plugin v15.9.2 - https:\/\/yoast.com\/wordpress\/plugins\/seo\/ -->\n<title>Unser Winterzeitplan - Mines d&#039;asphalte | Val-de-Travers<\/title>\n<meta name=\"description\" content=\"Diesen Winter sind die Asphaltminen von Freitag bis Sonntag von 11:30 bis 16:30 Uhr ge\u00f6ffnet, mit einer F\u00fchrung durch die Stollen um 14:00 Uhr.Im November und Dezember sind wir zus\u00e4tzlich auch donnerstags ge\u00f6ffnet.\" \/>\n<meta name=\"robots\" content=\"index, follow, max-snippet:-1, max-image-preview:large, max-video-preview:-1\" \/>\n<link rel=\"canonical\" href=\"https:\/\/www.mines-asphalte.ch\/de\/winterzeitplan\/\" \/>\n<meta property=\"og:locale\" content=\"de_DE\" \/>\n<meta property=\"og:type\" content=\"article\" \/>\n<meta property=\"og:title\" content=\"Unser Winterzeitplan - Mines d&#039;asphalte | Val-de-Travers\" \/>\n<meta property=\"og:description\" content=\"Diesen Winter sind die Asphaltminen von Freitag bis Sonntag von 11:30 bis 16:30 Uhr ge\u00f6ffnet, mit einer F\u00fchrung durch die Stollen um 14:00 Uhr.Im November und Dezember sind wir zus\u00e4tzlich auch donnerstags ge\u00f6ffnet.\" \/>\n<meta property=\"og:url\" content=\"https:\/\/www.mines-asphalte.ch\/de\/winterzeitplan\/\" \/>\n<meta property=\"og:site_name\" content=\"Mines d&#039;asphalte | Val-de-Travers\" \/>\n<meta property=\"article:publisher\" content=\"https:\/\/www.facebook.com\/minesdasphalte\/\" \/>\n<meta property=\"article:published_time\" content=\"2025-10-08T08:31:37+00:00\" \/>\n<meta property=\"article:modified_time\" content=\"2025-11-07T13:19:18+00:00\" \/>\n<meta property=\"og:image\" content=\"https:\/\/www.mines-asphalte.ch\/wp-content\/uploads\/2024\/09\/MIN-im.hiv_23.01_0623_1500.jpg\" \/>\n\t<meta property=\"og:image:width\" content=\"1499\" \/>\n\t<meta property=\"og:image:height\" content=\"769\" \/>\n<meta name=\"twitter:card\" content=\"summary_large_image\" \/>\n<meta name=\"twitter:label1\" content=\"Gesch\u00e4tzte Lesezeit\">\n\t<meta name=\"twitter:data1\" content=\"1\u00a0Minute\">\n<script type=\"application\/ld+json\" class=\"yoast-schema-graph\">{\"@context\":\"https:\/\/schema.org\",\"@graph\":[{\"@type\":\"Organization\",\"@id\":\"https:\/\/www.mines-asphalte.ch\/de\/#organization\",\"name\":\"Mines d'asphalte\",\"url\":\"https:\/\/www.mines-asphalte.ch\/de\/\",\"sameAs\":[\"https:\/\/www.facebook.com\/minesdasphalte\/\",\"https:\/\/www.instagram.com\/minesdasphalte\/\",\"https:\/\/www.youtube.com\/channel\/UCNGCZAPNcog8kEQ4mUAPYkw\"],\"logo\":{\"@type\":\"ImageObject\",\"@id\":\"https:\/\/www.mines-asphalte.ch\/de\/#logo\",\"inLanguage\":\"de\",\"url\":\"https:\/\/www.mines-asphalte.ch\/wp-content\/uploads\/2019\/10\/MIN_logo_19_F_brun.png\",\"width\":1548,\"height\":323,\"caption\":\"Mines d'asphalte\"},\"image\":{\"@id\":\"https:\/\/www.mines-asphalte.ch\/de\/#logo\"}},{\"@type\":\"WebSite\",\"@id\":\"https:\/\/www.mines-asphalte.ch\/de\/#website\",\"url\":\"https:\/\/www.mines-asphalte.ch\/de\/\",\"name\":\"Mines d'asphalte | Val-de-Travers\",\"description\":\"\",\"publisher\":{\"@id\":\"https:\/\/www.mines-asphalte.ch\/de\/#organization\"},\"potentialAction\":[{\"@type\":\"SearchAction\",\"target\":\"https:\/\/www.mines-asphalte.ch\/de\/?s={search_term_string}\",\"query-input\":\"required name=search_term_string\"}],\"inLanguage\":\"de\"},{\"@type\":\"ImageObject\",\"@id\":\"https:\/\/www.mines-asphalte.ch\/de\/winterzeitplan\/#primaryimage\",\"inLanguage\":\"de\",\"url\":\"https:\/\/www.mines-asphalte.ch\/wp-content\/uploads\/2024\/09\/MIN-im.hiv_23.01_0623_1500.jpg\",\"width\":1499,\"height\":769},{\"@type\":\"WebPage\",\"@id\":\"https:\/\/www.mines-asphalte.ch\/de\/winterzeitplan\/#webpage\",\"url\":\"https:\/\/www.mines-asphalte.ch\/de\/winterzeitplan\/\",\"name\":\"Unser Winterzeitplan - Mines d&#039;asphalte | Val-de-Travers\",\"isPartOf\":{\"@id\":\"https:\/\/www.mines-asphalte.ch\/de\/#website\"},\"primaryImageOfPage\":{\"@id\":\"https:\/\/www.mines-asphalte.ch\/de\/winterzeitplan\/#primaryimage\"},\"datePublished\":\"2025-10-08T08:31:37+00:00\",\"dateModified\":\"2025-11-07T13:19:18+00:00\",\"description\":\"Diesen Winter sind die Asphaltminen von Freitag bis Sonntag von 11:30 bis 16:30 Uhr ge\\u00f6ffnet, mit einer F\\u00fchrung durch die Stollen um 14:00 Uhr.Im November und Dezember sind wir zus\\u00e4tzlich auch donnerstags ge\\u00f6ffnet.\",\"breadcrumb\":{\"@id\":\"https:\/\/www.mines-asphalte.ch\/de\/winterzeitplan\/#breadcrumb\"},\"inLanguage\":\"de\",\"potentialAction\":[{\"@type\":\"ReadAction\",\"target\":[\"https:\/\/www.mines-asphalte.ch\/de\/winterzeitplan\/\"]}]},{\"@type\":\"BreadcrumbList\",\"@id\":\"https:\/\/www.mines-asphalte.ch\/de\/winterzeitplan\/#breadcrumb\",\"itemListElement\":[{\"@type\":\"ListItem\",\"position\":1,\"item\":{\"@type\":\"WebPage\",\"@id\":\"https:\/\/www.mines-asphalte.ch\/de\/\",\"url\":\"https:\/\/www.mines-asphalte.ch\/de\/\",\"name\":\"Accueil\"}},{\"@type\":\"ListItem\",\"position\":2,\"item\":{\"@type\":\"WebPage\",\"@id\":\"https:\/\/www.mines-asphalte.ch\/de\/winterzeitplan\/\",\"url\":\"https:\/\/www.mines-asphalte.ch\/de\/winterzeitplan\/\",\"name\":\"Unser Winterzeitplan\"}}]},{\"@type\":\"Article\",\"@id\":\"https:\/\/www.mines-asphalte.ch\/de\/winterzeitplan\/#article\",\"isPartOf\":{\"@id\":\"https:\/\/www.mines-asphalte.ch\/de\/winterzeitplan\/#webpage\"},\"author\":{\"@id\":\"https:\/\/www.mines-asphalte.ch\/de\/#\/schema\/person\/f67becb4f4c26594fb1d7759e66923b4\"},\"headline\":\"Unser Winterzeitplan\",\"datePublished\":\"2025-10-08T08:31:37+00:00\",\"dateModified\":\"2025-11-07T13:19:18+00:00\",\"mainEntityOfPage\":{\"@id\":\"https:\/\/www.mines-asphalte.ch\/de\/winterzeitplan\/#webpage\"},\"publisher\":{\"@id\":\"https:\/\/www.mines-asphalte.ch\/de\/#organization\"},\"image\":{\"@id\":\"https:\/\/www.mines-asphalte.ch\/de\/winterzeitplan\/#primaryimage\"},\"articleSection\":\"Caf\\u00e9 des Mines,F\\u00fchrung durch die Asphaltminen,News,Praktische Infos,\\u00dcber uns\",\"inLanguage\":\"de\"},{\"@type\":\"Person\",\"@id\":\"https:\/\/www.mines-asphalte.ch\/de\/#\/schema\/person\/f67becb4f4c26594fb1d7759e66923b4\",\"name\":\"Valentine\",\"image\":{\"@type\":\"ImageObject\",\"@id\":\"https:\/\/www.mines-asphalte.ch\/de\/#personlogo\",\"inLanguage\":\"de\",\"url\":\"https:\/\/secure.gravatar.com\/avatar\/a198d2e6073e7fd02923b1828b2fe3bf?s=96&d=mm&r=g\",\"caption\":\"Valentine\"}}]}<\/script>\n<!-- \/ Yoast SEO plugin. -->","_links":{"self":[{"href":"https:\/\/www.mines-asphalte.ch\/de\/wp-json\/wp\/v2\/posts\/11090"}],"collection":[{"href":"https:\/\/www.mines-asphalte.ch\/de\/wp-json\/wp\/v2\/posts"}],"about":[{"href":"https:\/\/www.mines-asphalte.ch\/de\/wp-json\/wp\/v2\/types\/post"}],"author":[{"embeddable":true,"href":"https:\/\/www.mines-asphalte.ch\/de\/wp-json\/wp\/v2\/users\/4"}],"replies":[{"embeddable":true,"href":"https:\/\/www.mines-asphalte.ch\/de\/wp-json\/wp\/v2\/comments?post=11090"}],"version-history":[{"count":8,"href":"https:\/\/www.mines-asphalte.ch\/de\/wp-json\/wp\/v2\/posts\/11090\/revisions"}],"predecessor-version":[{"id":12036,"href":"https:\/\/www.mines-asphalte.ch\/de\/wp-json\/wp\/v2\/posts\/11090\/revisions\/12036"}],"wp:featuredmedia":[{"embeddable":true,"href":"https:\/\/www.mines-asphalte.ch\/de\/wp-json\/wp\/v2\/media\/11093"}],"wp:attachment":[{"href":"https:\/\/www.mines-asphalte.ch\/de\/wp-json\/wp\/v2\/media?parent=11090"}],"wp:term":[{"taxonomy":"category","embeddable":true,"href":"https:\/\/www.mines-asphalte.ch\/de\/wp-json\/wp\/v2\/categories?post=11090"},{"taxonomy":"post_tag","embeddable":true,"href":"https:\/\/www.mines-asphalte.ch\/de\/wp-json\/wp\/v2\/tags?post=11090"}],"curies":[{"name":"wp","href":"https:\/\/api.w.org\/{rel}","templated":true}]}}